{"id":1494,"date":"2025-01-29T16:32:54","date_gmt":"2025-01-29T15:32:54","guid":{"rendered":"https:\/\/carolaclavo.com\/wp\/?p=1494"},"modified":"2025-01-29T16:32:57","modified_gmt":"2025-01-29T15:32:57","slug":"una-casa-medieval","status":"publish","type":"post","link":"https:\/\/carolaclavo.com\/wp\/blog\/una-casa-medieval\/","title":{"rendered":"Una casa medieval"},"content":{"rendered":"\n<p>Hoy, mi madre y yo viv\u00edamos en una especie de casa medieval. Todo era grande, pesado y duro. Los muros eran muy gruesos, al menos de medio metro de espesor. Eran de piedra, y tambi\u00e9n hab\u00eda texturas como de granito o algo as\u00ed, aunque eso no s\u00e9 si exist\u00eda en el a\u00f1o mil.<\/p>\n\n\n\n<p>La puerta estaba hecha de listones de madera muy gruesos unidos con unos travesa\u00f1os horizontales, clavados unos enormes clavos met\u00e1licos de color negro. Las cabezas eran m\u00e1s cuadradas quie redondas, con forma como de rombo o diamante. Y la cerradura y llave eran enormes, sobre todo la llave era muy larga y fina. La puerta cerraba, pero hab\u00eda huecos entre las maderas y si quer\u00edas ve\u00edas el interior. Y encima, se cerraba fatal. Tal era as\u00ed que en un momento dado me qued\u00e9 fuera sin llave, pero con solo empujar un poco abr\u00ed la puerta.<\/p>\n\n\n\n<p>Tal era as\u00ed, que se nos met\u00eda gente en casa con toda la facilidad. Entr\u00f3 toda una familia con padres, madres, abuelos y varios ni\u00f1os, y una ni\u00f1a pelirroja muy echada para alante se plant\u00f3 delante de m\u00ed y declar\u00f3 que toda esa patulea de gente \u201cven\u00edan a cenar\u201d. Como exigiendo una mesa inmediatamente.<\/p>\n\n\n\n<p>Delante de la casa s\u00ed hab\u00eda un restaurante, el t\u00edpico asador enorme y antiguo. La gente se confund\u00eda y ven\u00eda a nuestra casa.<\/p>\n\n\n\n<p> As\u00ed que ten\u00edamos que echar a los intrusos restaurante de enfrente. Pero por alg\u00fan motivo, durante todo el tiempo hab\u00eda una parejita de desconocidos acaramelada en el sof\u00e1 del sal\u00f3n tomando algo y hablando de sus cosas bajito. Ni idea de qui\u00e9nes eran o de por qu\u00e9 no los pudimos echar. Tampoco se les hac\u00eda mucho caso.<\/p>\n\n\n\n<p>En otro momento, estuve intentando colocar una bombilla en una de las estancias de la casa. Era todo tan viejo y polvoriento. Estaba lleno de polvo, telara\u00f1as y muebles de madera oscura y pesada. La bombilla no era solo eso, iba con casquillo y un sistema de poleas de esos que regulan la altura de la luz. Lo compr\u00e9 por Wallapop y estaba muy sucio y viejo todo. Lleno de ro\u00f1a que no se sabe ni qu\u00e9 era. Si era grasa, si era otra cosa. No sab\u00eda que hacer con ella, pero estaba todo en general tan viejo y sucio que me puse a intentar instalarla. Por alg\u00fan motivo se pon\u00eda dentro de una especie de armario o vitrina. Estuve intentando frotar todas las piezas con unas toallitas de beb\u00e9 un buen rato, quitando la porquer\u00eda. Al final, met\u00ed todo en una bolsa de pl\u00e1stico para pensar m\u00e1s tarde lo que har\u00eda.<\/p>\n\n\n\n<p>En otra habitaci\u00f3n encontr\u00e9 un extra\u00f1o objeto que era como un cilidro de tela, cerrado por un extremo pero abierto por el otro. Era como un capuch\u00f3n gigante, muy ancho, pero no muy alto. Recort\u00e9 por el borde el c\u00edrculo superior de forma que quedara una especie de pamela o visera (pero sin ning\u00fan hueco central). Quer\u00eda hacer una especie de l\u00e1mpara con ello y la bombilla que hab\u00eda comprado. Aunque claramente, esa pantalla no iba a caber jam\u00e1s en el armario, que era mucho m\u00e1s peque\u00f1o.<\/p>\n\n\n\n<p><\/p>\n","protected":false},"excerpt":{"rendered":"<p>Hoy, mi madre y yo viv\u00edamos en una especie de casa medieval. Todo era grande, pesado y duro. Los muros eran muy gruesos, al menos de medio metro de espesor. Eran de piedra, y tambi\u00e9n hab\u00eda texturas como de granito &hellip; <a href=\"https:\/\/carolaclavo.com\/wp\/blog\/una-casa-medieval\/\">Continue reading <span class=\"meta-nav\">&rarr;<\/span><\/a><\/p>\n","protected":false},"author":1,"featured_media":1495,"comment_status":"closed","ping_status":"closed","sticky":false,"template":"","format":"standard","meta":{"footnotes":""},"categories":[45],"tags":[12,20,22],"class_list":["post-1494","post","type-post","status-publish","format-standard","has-post-thumbnail","hentry","category-suenos","tag-casa","tag-edificios","tag-familia"],"yoast_head":"<!-- This site is optimized with the Yoast SEO plugin v28.4 - https:\/\/yoast.com\/product\/yoast-seo-wordpress\/ -->\n<title>Una casa medieval - Blog diario on\u00edrico<\/title>\n<meta name=\"robots\" content=\"index, follow, max-snippet:-1, max-image-preview:large, max-video-preview:-1\" \/>\n<link rel=\"canonical\" href=\"https:\/\/carolaclavo.com\/wp\/blog\/una-casa-medieval\/\" \/>\n<meta name=\"twitter:label1\" content=\"Escrito por\" \/>\n\t<meta name=\"twitter:data1\" content=\"Carola Clavo\" \/>\n\t<meta name=\"twitter:label2\" content=\"Tiempo de lectura\" \/>\n\t<meta name=\"twitter:data2\" content=\"3 minutos\" \/>\n<script type=\"application\/ld+json\" class=\"yoast-schema-graph\">{\"@context\":\"https:\\\/\\\/schema.org\",\"@graph\":[{\"@type\":\"Article\",\"@id\":\"https:\\\/\\\/carolaclavo.com\\\/wp\\\/blog\\\/una-casa-medieval\\\/#article\",\"isPartOf\":{\"@id\":\"https:\\\/\\\/carolaclavo.com\\\/wp\\\/blog\\\/una-casa-medieval\\\/\"},\"author\":{\"name\":\"Carola Clavo\",\"@id\":\"https:\\\/\\\/carolaclavo.com\\\/wp\\\/#\\\/schema\\\/person\\\/05728aa318c21df84d815af4aa4cc319\"},\"headline\":\"Una casa medieval\",\"datePublished\":\"2025-01-29T15:32:54+00:00\",\"dateModified\":\"2025-01-29T15:32:57+00:00\",\"mainEntityOfPage\":{\"@id\":\"https:\\\/\\\/carolaclavo.com\\\/wp\\\/blog\\\/una-casa-medieval\\\/\"},\"wordCount\":569,\"image\":{\"@id\":\"https:\\\/\\\/carolaclavo.com\\\/wp\\\/blog\\\/una-casa-medieval\\\/#primaryimage\"},\"thumbnailUrl\":\"https:\\\/\\\/carolaclavo.com\\\/wp\\\/wp-content\\\/uploads\\\/2025\\\/01\\\/pexels-photo-235986.jpeg\",\"keywords\":[\"casa\",\"edificios\",\"familia\"],\"articleSection\":[\"Sue\u00f1os\"],\"inLanguage\":\"es\"},{\"@type\":\"WebPage\",\"@id\":\"https:\\\/\\\/carolaclavo.com\\\/wp\\\/blog\\\/una-casa-medieval\\\/\",\"url\":\"https:\\\/\\\/carolaclavo.com\\\/wp\\\/blog\\\/una-casa-medieval\\\/\",\"name\":\"Una casa medieval - Blog diario on\u00edrico\",\"isPartOf\":{\"@id\":\"https:\\\/\\\/carolaclavo.com\\\/wp\\\/#website\"},\"primaryImageOfPage\":{\"@id\":\"https:\\\/\\\/carolaclavo.com\\\/wp\\\/blog\\\/una-casa-medieval\\\/#primaryimage\"},\"image\":{\"@id\":\"https:\\\/\\\/carolaclavo.com\\\/wp\\\/blog\\\/una-casa-medieval\\\/#primaryimage\"},\"thumbnailUrl\":\"https:\\\/\\\/carolaclavo.com\\\/wp\\\/wp-content\\\/uploads\\\/2025\\\/01\\\/pexels-photo-235986.jpeg\",\"datePublished\":\"2025-01-29T15:32:54+00:00\",\"dateModified\":\"2025-01-29T15:32:57+00:00\",\"author\":{\"@id\":\"https:\\\/\\\/carolaclavo.com\\\/wp\\\/#\\\/schema\\\/person\\\/05728aa318c21df84d815af4aa4cc319\"},\"breadcrumb\":{\"@id\":\"https:\\\/\\\/carolaclavo.com\\\/wp\\\/blog\\\/una-casa-medieval\\\/#breadcrumb\"},\"inLanguage\":\"es\",\"potentialAction\":[{\"@type\":\"ReadAction\",\"target\":[\"https:\\\/\\\/carolaclavo.com\\\/wp\\\/blog\\\/una-casa-medieval\\\/\"]}]},{\"@type\":\"ImageObject\",\"inLanguage\":\"es\",\"@id\":\"https:\\\/\\\/carolaclavo.com\\\/wp\\\/blog\\\/una-casa-medieval\\\/#primaryimage\",\"url\":\"https:\\\/\\\/carolaclavo.com\\\/wp\\\/wp-content\\\/uploads\\\/2025\\\/01\\\/pexels-photo-235986.jpeg\",\"contentUrl\":\"https:\\\/\\\/carolaclavo.com\\\/wp\\\/wp-content\\\/uploads\\\/2025\\\/01\\\/pexels-photo-235986.jpeg\",\"width\":867,\"height\":1300,\"caption\":\"Photo by Pixabay on Pexels.com\"},{\"@type\":\"BreadcrumbList\",\"@id\":\"https:\\\/\\\/carolaclavo.com\\\/wp\\\/blog\\\/una-casa-medieval\\\/#breadcrumb\",\"itemListElement\":[{\"@type\":\"ListItem\",\"position\":1,\"name\":\"Portada\",\"item\":\"https:\\\/\\\/carolaclavo.com\\\/wp\\\/\"},{\"@type\":\"ListItem\",\"position\":2,\"name\":\"Una casa medieval\"}]},{\"@type\":\"WebSite\",\"@id\":\"https:\\\/\\\/carolaclavo.com\\\/wp\\\/#website\",\"url\":\"https:\\\/\\\/carolaclavo.com\\\/wp\\\/\",\"name\":\"Blog diario on\u00edrico\",\"description\":\"\",\"potentialAction\":[{\"@type\":\"SearchAction\",\"target\":{\"@type\":\"EntryPoint\",\"urlTemplate\":\"https:\\\/\\\/carolaclavo.com\\\/wp\\\/?s={search_term_string}\"},\"query-input\":{\"@type\":\"PropertyValueSpecification\",\"valueRequired\":true,\"valueName\":\"search_term_string\"}}],\"inLanguage\":\"es\"},{\"@type\":\"Person\",\"@id\":\"https:\\\/\\\/carolaclavo.com\\\/wp\\\/#\\\/schema\\\/person\\\/05728aa318c21df84d815af4aa4cc319\",\"name\":\"Carola Clavo\",\"image\":{\"@type\":\"ImageObject\",\"inLanguage\":\"es\",\"@id\":\"https:\\\/\\\/secure.gravatar.com\\\/avatar\\\/b2e0a38c7e192b3b42db269325745e92?s=96&d=mm&r=g\",\"url\":\"https:\\\/\\\/secure.gravatar.com\\\/avatar\\\/b2e0a38c7e192b3b42db269325745e92?s=96&d=mm&r=g\",\"contentUrl\":\"https:\\\/\\\/secure.gravatar.com\\\/avatar\\\/b2e0a38c7e192b3b42db269325745e92?s=96&d=mm&r=g\",\"caption\":\"Carola Clavo\"},\"description\":\"Me gusta tomar nota de mis sue\u00f1os. Profesionalmente, me dedico al dise\u00f1o gr\u00e1fico. En lo personal, tengo m\u00faltiples aficiones, algunas a medio camino entre lo profesional y lo personal.\",\"sameAs\":[\"http:\\\/\\\/www.carolaclavo.com\"],\"url\":\"https:\\\/\\\/carolaclavo.com\\\/wp\\\/blog\\\/author\\\/admin\\\/\"}]}<\/script>\n<!-- \/ Yoast SEO plugin. -->","yoast_head_json":{"title":"Una casa medieval - Blog diario on\u00edrico","robots":{"index":"index","follow":"follow","max-snippet":"max-snippet:-1","max-image-preview":"max-image-preview:large","max-video-preview":"max-video-preview:-1"},"canonical":"https:\/\/carolaclavo.com\/wp\/blog\/una-casa-medieval\/","twitter_misc":{"Escrito por":"Carola Clavo","Tiempo de lectura":"3 minutos"},"schema":{"@context":"https:\/\/schema.org","@graph":[{"@type":"Article","@id":"https:\/\/carolaclavo.com\/wp\/blog\/una-casa-medieval\/#article","isPartOf":{"@id":"https:\/\/carolaclavo.com\/wp\/blog\/una-casa-medieval\/"},"author":{"name":"Carola Clavo","@id":"https:\/\/carolaclavo.com\/wp\/#\/schema\/person\/05728aa318c21df84d815af4aa4cc319"},"headline":"Una casa medieval","datePublished":"2025-01-29T15:32:54+00:00","dateModified":"2025-01-29T15:32:57+00:00","mainEntityOfPage":{"@id":"https:\/\/carolaclavo.com\/wp\/blog\/una-casa-medieval\/"},"wordCount":569,"image":{"@id":"https:\/\/carolaclavo.com\/wp\/blog\/una-casa-medieval\/#primaryimage"},"thumbnailUrl":"https:\/\/carolaclavo.com\/wp\/wp-content\/uploads\/2025\/01\/pexels-photo-235986.jpeg","keywords":["casa","edificios","familia"],"articleSection":["Sue\u00f1os"],"inLanguage":"es"},{"@type":"WebPage","@id":"https:\/\/carolaclavo.com\/wp\/blog\/una-casa-medieval\/","url":"https:\/\/carolaclavo.com\/wp\/blog\/una-casa-medieval\/","name":"Una casa medieval - Blog diario on\u00edrico","isPartOf":{"@id":"https:\/\/carolaclavo.com\/wp\/#website"},"primaryImageOfPage":{"@id":"https:\/\/carolaclavo.com\/wp\/blog\/una-casa-medieval\/#primaryimage"},"image":{"@id":"https:\/\/carolaclavo.com\/wp\/blog\/una-casa-medieval\/#primaryimage"},"thumbnailUrl":"https:\/\/carolaclavo.com\/wp\/wp-content\/uploads\/2025\/01\/pexels-photo-235986.jpeg","datePublished":"2025-01-29T15:32:54+00:00","dateModified":"2025-01-29T15:32:57+00:00","author":{"@id":"https:\/\/carolaclavo.com\/wp\/#\/schema\/person\/05728aa318c21df84d815af4aa4cc319"},"breadcrumb":{"@id":"https:\/\/carolaclavo.com\/wp\/blog\/una-casa-medieval\/#breadcrumb"},"inLanguage":"es","potentialAction":[{"@type":"ReadAction","target":["https:\/\/carolaclavo.com\/wp\/blog\/una-casa-medieval\/"]}]},{"@type":"ImageObject","inLanguage":"es","@id":"https:\/\/carolaclavo.com\/wp\/blog\/una-casa-medieval\/#primaryimage","url":"https:\/\/carolaclavo.com\/wp\/wp-content\/uploads\/2025\/01\/pexels-photo-235986.jpeg","contentUrl":"https:\/\/carolaclavo.com\/wp\/wp-content\/uploads\/2025\/01\/pexels-photo-235986.jpeg","width":867,"height":1300,"caption":"Photo by Pixabay on Pexels.com"},{"@type":"BreadcrumbList","@id":"https:\/\/carolaclavo.com\/wp\/blog\/una-casa-medieval\/#breadcrumb","itemListElement":[{"@type":"ListItem","position":1,"name":"Portada","item":"https:\/\/carolaclavo.com\/wp\/"},{"@type":"ListItem","position":2,"name":"Una casa medieval"}]},{"@type":"WebSite","@id":"https:\/\/carolaclavo.com\/wp\/#website","url":"https:\/\/carolaclavo.com\/wp\/","name":"Blog diario on\u00edrico","description":"","potentialAction":[{"@type":"SearchAction","target":{"@type":"EntryPoint","urlTemplate":"https:\/\/carolaclavo.com\/wp\/?s={search_term_string}"},"query-input":{"@type":"PropertyValueSpecification","valueRequired":true,"valueName":"search_term_string"}}],"inLanguage":"es"},{"@type":"Person","@id":"https:\/\/carolaclavo.com\/wp\/#\/schema\/person\/05728aa318c21df84d815af4aa4cc319","name":"Carola Clavo","image":{"@type":"ImageObject","inLanguage":"es","@id":"https:\/\/secure.gravatar.com\/avatar\/b2e0a38c7e192b3b42db269325745e92?s=96&d=mm&r=g","url":"https:\/\/secure.gravatar.com\/avatar\/b2e0a38c7e192b3b42db269325745e92?s=96&d=mm&r=g","contentUrl":"https:\/\/secure.gravatar.com\/avatar\/b2e0a38c7e192b3b42db269325745e92?s=96&d=mm&r=g","caption":"Carola Clavo"},"description":"Me gusta tomar nota de mis sue\u00f1os. Profesionalmente, me dedico al dise\u00f1o gr\u00e1fico. En lo personal, tengo m\u00faltiples aficiones, algunas a medio camino entre lo profesional y lo personal.","sameAs":["http:\/\/www.carolaclavo.com"],"url":"https:\/\/carolaclavo.com\/wp\/blog\/author\/admin\/"}]}},"_links":{"self":[{"href":"https:\/\/carolaclavo.com\/wp\/wp-json\/wp\/v2\/posts\/1494","targetHints":{"allow":["GET"]}}],"collection":[{"href":"https:\/\/carolaclavo.com\/wp\/wp-json\/wp\/v2\/posts"}],"about":[{"href":"https:\/\/carolaclavo.com\/wp\/wp-json\/wp\/v2\/types\/post"}],"author":[{"embeddable":true,"href":"https:\/\/carolaclavo.com\/wp\/wp-json\/wp\/v2\/users\/1"}],"replies":[{"embeddable":true,"href":"https:\/\/carolaclavo.com\/wp\/wp-json\/wp\/v2\/comments?post=1494"}],"version-history":[{"count":1,"href":"https:\/\/carolaclavo.com\/wp\/wp-json\/wp\/v2\/posts\/1494\/revisions"}],"predecessor-version":[{"id":1496,"href":"https:\/\/carolaclavo.com\/wp\/wp-json\/wp\/v2\/posts\/1494\/revisions\/1496"}],"wp:featuredmedia":[{"embeddable":true,"href":"https:\/\/carolaclavo.com\/wp\/wp-json\/wp\/v2\/media\/1495"}],"wp:attachment":[{"href":"https:\/\/carolaclavo.com\/wp\/wp-json\/wp\/v2\/media?parent=1494"}],"wp:term":[{"taxonomy":"category","embeddable":true,"href":"https:\/\/carolaclavo.com\/wp\/wp-json\/wp\/v2\/categories?post=1494"},{"taxonomy":"post_tag","embeddable":true,"href":"https:\/\/carolaclavo.com\/wp\/wp-json\/wp\/v2\/tags?post=1494"}],"curies":[{"name":"wp","href":"https:\/\/api.w.org\/{rel}","templated":true}]}}